{"id":606,"date":"2018-01-03T19:28:17","date_gmt":"2018-01-03T18:28:17","guid":{"rendered":"https:\/\/www.academiapsicologia.com\/?p=606"},"modified":"2021-02-10T19:37:03","modified_gmt":"2021-02-10T18:37:03","slug":"jose-muniz-fernandez","status":"publish","type":"post","link":"https:\/\/www.academiapsicologia.com\/index.php\/2018\/01\/03\/jose-muniz-fernandez\/","title":{"rendered":"Excmo. Sr. D. Jos\u00e9 Mu\u00f1iz Fern\u00e1ndez"},"content":{"rendered":"<p><div class=\"fusion-fullwidth fullwidth-box fusion-builder-row-1 fusion-flex-container nonhundred-percent-fullwidth non-hundred-percent-height-scrolling\" style=\"--awb-border-radius-top-left:0px;--awb-border-radius-top-right:0px;--awb-border-radius-bottom-right:0px;--awb-border-radius-bottom-left:0px;--awb-flex-wrap:wrap;\" ><div class=\"fusion-builder-row fusion-row fusion-flex-align-items-flex-start fusion-flex-content-wrap\" style=\"max-width:1248px;margin-left: calc(-4% \/ 2 );margin-right: calc(-4% \/ 2 );\"><div class=\"fusion-layout-column fusion_builder_column fusion-builder-column-0 fusion_builder_column_1_1 1_1 fusion-flex-column\" style=\"--awb-bg-size:cover;--awb-width-large:100%;--awb-margin-top-large:0px;--awb-spacing-right-large:1.92%;--awb-margin-bottom-large:20px;--awb-spacing-left-large:1.92%;--awb-width-medium:100%;--awb-order-medium:0;--awb-spacing-right-medium:1.92%;--awb-spacing-left-medium:1.92%;--awb-width-small:100%;--awb-order-small:0;--awb-spacing-right-small:1.92%;--awb-spacing-left-small:1.92%;\"><div class=\"fusion-column-wrapper fusion-column-has-shadow fusion-flex-justify-content-flex-start fusion-content-layout-column\"><ul style=\"--awb-line-height:27.2px;--awb-icon-width:27.2px;--awb-icon-height:27.2px;--awb-icon-margin:11.2px;--awb-content-margin:38.4px;--awb-circlecolor:#b67cd1;--awb-circle-yes-font-size:14.08px;\" class=\"fusion-checklist fusion-checklist-1 fusion-checklist-default type-icons\"><li class=\"fusion-li-item\" style=\"\"><span class=\"icon-wrapper circle-yes\"><i class=\"fusion-li-icon fa-calendar-alt fas\" aria-hidden=\"true\"><\/i><\/span><div class=\"fusion-li-item-content\">\n<p><strong>3 de enero de 2018<\/strong><\/p>\n<\/div><\/li><li class=\"fusion-li-item\" style=\"\"><span class=\"icon-wrapper circle-yes\"><i class=\"fusion-li-icon fa-medal fas\" aria-hidden=\"true\"><\/i><\/span><div class=\"fusion-li-item-content\">\n<p><strong>Medalla N\u00ba 24<\/strong><\/p>\n<\/div><\/li><\/ul><\/div><\/div><\/div><\/div><div class=\"fusion-fullwidth fullwidth-box fusion-builder-row-2 fusion-flex-container nonhundred-percent-fullwidth non-hundred-percent-height-scrolling\" style=\"--awb-border-radius-top-left:0px;--awb-border-radius-top-right:0px;--awb-border-radius-bottom-right:0px;--awb-border-radius-bottom-left:0px;--awb-flex-wrap:wrap;\" ><div class=\"fusion-builder-row fusion-row fusion-flex-align-items-flex-start fusion-flex-content-wrap\" style=\"max-width:1248px;margin-left: calc(-4% \/ 2 );margin-right: calc(-4% \/ 2 );\"><div class=\"fusion-layout-column fusion_builder_column fusion-builder-column-1 fusion_builder_column_1_4 1_4 fusion-flex-column\" style=\"--awb-bg-size:cover;--awb-width-large:25%;--awb-margin-top-large:0px;--awb-spacing-right-large:7.68%;--awb-margin-bottom-large:20px;--awb-spacing-left-large:7.68%;--awb-width-medium:25%;--awb-order-medium:0;--awb-spacing-right-medium:7.68%;--awb-spacing-left-medium:7.68%;--awb-width-small:100%;--awb-order-small:0;--awb-spacing-right-small:1.92%;--awb-spacing-left-small:1.92%;\"><div class=\"fusion-column-wrapper fusion-column-has-shadow fusion-flex-justify-content-flex-start fusion-content-layout-column\"><div class=\"fusion-image-element \" style=\"--awb-caption-title-font-family:var(--h2_typography-font-family);--awb-caption-title-font-weight:var(--h2_typography-font-weight);--awb-caption-title-font-style:var(--h2_typography-font-style);--awb-caption-title-size:var(--h2_typography-font-size);--awb-caption-title-transform:var(--h2_typography-text-transform);--awb-caption-title-line-height:var(--h2_typography-line-height);--awb-caption-title-letter-spacing:var(--h2_typography-letter-spacing);\"><span class=\" fusion-imageframe imageframe-none imageframe-1 hover-type-none\"><a class=\"fusion-no-lightbox\" href=\"https:\/\/www.academiapsicologia.com\/wp-content\/uploads\/2021\/02\/JOSE-MUNIZ-FERNANDEZ-1.jpg\" target=\"_blank\" aria-label=\"JOS\u00c9 MU\u00d1IZ FERN\u00c1NDEZ\" rel=\"noopener noreferrer\"><img decoding=\"async\" width=\"172\" height=\"300\" src=\"https:\/\/www.academiapsicologia.com\/wp-content\/uploads\/2021\/02\/JOSE-MUNIZ-FERNANDEZ-1-172x300.jpg\" alt class=\"img-responsive wp-image-607\" srcset=\"https:\/\/www.academiapsicologia.com\/wp-content\/uploads\/2021\/02\/JOSE-MUNIZ-FERNANDEZ-1-200x349.jpg 200w, https:\/\/www.academiapsicologia.com\/wp-content\/uploads\/2021\/02\/JOSE-MUNIZ-FERNANDEZ-1.jpg 272w\" sizes=\"(max-width: 640px) 100vw, 172px\" \/><\/a><\/span><\/div><\/div><\/div><div class=\"fusion-layout-column fusion_builder_column fusion-builder-column-2 fusion_builder_column_3_4 3_4 fusion-flex-column\" style=\"--awb-bg-size:cover;--awb-width-large:75%;--awb-margin-top-large:0px;--awb-spacing-right-large:2.56%;--awb-margin-bottom-large:20px;--awb-spacing-left-large:2.56%;--awb-width-medium:75%;--awb-order-medium:0;--awb-spacing-right-medium:2.56%;--awb-spacing-left-medium:2.56%;--awb-width-small:100%;--awb-order-small:0;--awb-spacing-right-small:1.92%;--awb-spacing-left-small:1.92%;\"><div class=\"fusion-column-wrapper fusion-column-has-shadow fusion-flex-justify-content-flex-start fusion-content-layout-column\"><div class=\"fusion-text fusion-text-1\"><div align=\"justify\">\n<p>Jos\u00e9 Mu\u00f1iz Fern\u00e1ndez naci\u00f3 en Sograndio, Oviedo. Obtuvo la licenciatura de Psicolog\u00eda por la Universidad Complutense de Madrid, doctor\u00e1ndose por esa misma universidad.Fue Profesor Ayudante y Adjunto de la Complutense hasta 1984 que obtuvo la C\u00e1tedra de Psicolog\u00eda Matem\u00e1tica de la Universidad de las Islas Baleares. Desde 1987 es Catedr\u00e1tico de Psicometr\u00eda en la Universidad de Oviedo. Ha publicado numerosos trabajos en revistas nacionales e internacionales en el campo de la Psicometr\u00eda y la Evaluaci\u00f3n Psicol\u00f3gica.<\/p>\n<p>Entre sus libros sobre diversos aspectos de la medici\u00f3n psicol\u00f3gica cabe se\u00f1alar los de Teor\u00eda Cl\u00e1sica de los Tests, Teor\u00eda de Respuesta a los \u00cdtems, Psicometr\u00eda, An\u00e1lisis de los \u00cdtems, o Introducci\u00f3n a la Psicof\u00edsica. Miembro del Comit\u00e9 Editorial y revisor de varias revistas cient\u00edficas, fund\u00f3 y dirigi\u00f3 la revista Psicothema durante 25 a\u00f1os.<\/p>\n<p>Como becario del programa Fulbright llev\u00f3 a cabo proyectos de investigaci\u00f3n en la Universidad de Massachusetts de los Estados Unidos, manteniendo en la actualidad proyectos de investigaci\u00f3n conjuntos. Fue presidente de la Comisi\u00f3n Europea sobre Tests and Testing, presidente de la International Test Commission (ITC) y de la European Association of Methodology (EAM).Represent\u00f3 a Espa\u00f1a en el comit\u00e9 internacional que desarroll\u00f3 la norma ISO 10667 que regula la evaluaci\u00f3n de personas en entornos laborales, y presidi\u00f3 el Comit\u00e9 Nacional que adapt\u00f3 dicha norma en Espa\u00f1a. Entre los distintos servicios universitarios que ha prestado, cabe se\u00f1alar que fue Vicerrector de Profesorado de la Universidad de Oviedo, Miembro del Consejo Escolar del Principado de Asturias, Presidente del Consejo Asesor de Investigaci\u00f3n Cient\u00edfica y Tecnol\u00f3gica (CAICYT) del Principado de Asturias, Decano de la Facultad de Psicolog\u00eda y Director del Departamento de Psicolog\u00eda de la Universidad de Oviedo.<\/p>\n<\/div>\n<\/div><\/div><\/div><\/div><\/div><\/p>\n","protected":false},"excerpt":{"rendered":"","protected":false},"author":1,"featured_media":0,"comment_status":"closed","ping_status":"open","sticky":false,"template":"","format":"standard","meta":{"footnotes":""},"categories":[11],"tags":[],"class_list":["post-606","post","type-post","status-publish","format-standard","hentry","category-academicos"],"_links":{"self":[{"href":"https:\/\/www.academiapsicologia.com\/index.php\/wp-json\/wp\/v2\/posts\/606","targetHints":{"allow":["GET"]}}],"collection":[{"href":"https:\/\/www.academiapsicologia.com\/index.php\/wp-json\/wp\/v2\/posts"}],"about":[{"href":"https:\/\/www.academiapsicologia.com\/index.php\/wp-json\/wp\/v2\/types\/post"}],"author":[{"embeddable":true,"href":"https:\/\/www.academiapsicologia.com\/index.php\/wp-json\/wp\/v2\/users\/1"}],"replies":[{"embeddable":true,"href":"https:\/\/www.academiapsicologia.com\/index.php\/wp-json\/wp\/v2\/comments?post=606"}],"version-history":[{"count":1,"href":"https:\/\/www.academiapsicologia.com\/index.php\/wp-json\/wp\/v2\/posts\/606\/revisions"}],"predecessor-version":[{"id":608,"href":"https:\/\/www.academiapsicologia.com\/index.php\/wp-json\/wp\/v2\/posts\/606\/revisions\/608"}],"wp:attachment":[{"href":"https:\/\/www.academiapsicologia.com\/index.php\/wp-json\/wp\/v2\/media?parent=606"}],"wp:term":[{"taxonomy":"category","embeddable":true,"href":"https:\/\/www.academiapsicologia.com\/index.php\/wp-json\/wp\/v2\/categories?post=606"},{"taxonomy":"post_tag","embeddable":true,"href":"https:\/\/www.academiapsicologia.com\/index.php\/wp-json\/wp\/v2\/tags?post=606"}],"curies":[{"name":"wp","href":"https:\/\/api.w.org\/{rel}","templated":true}]}}