{"id":631,"date":"2018-01-03T14:33:10","date_gmt":"2018-01-03T13:33:10","guid":{"rendered":"https:\/\/www.academiapsicologia.com\/?p=631"},"modified":"2026-03-10T14:47:29","modified_gmt":"2026-03-10T13:47:29","slug":"jose-maria-prieto-zamora","status":"publish","type":"post","link":"https:\/\/www.academiapsicologia.com\/index.php\/2018\/01\/03\/jose-maria-prieto-zamora\/","title":{"rendered":"Excmo. Sr. D. Jos\u00e9 Mar\u00eda Prieto Zamora"},"content":{"rendered":"<p><div class=\"fusion-fullwidth fullwidth-box fusion-builder-row-1 fusion-flex-container nonhundred-percent-fullwidth non-hundred-percent-height-scrolling\" style=\"--awb-border-radius-top-left:0px;--awb-border-radius-top-right:0px;--awb-border-radius-bottom-right:0px;--awb-border-radius-bottom-left:0px;--awb-flex-wrap:wrap;\" ><div class=\"fusion-builder-row fusion-row fusion-flex-align-items-flex-start fusion-flex-content-wrap\" style=\"max-width:1248px;margin-left: calc(-4% \/ 2 );margin-right: calc(-4% \/ 2 );\"><div class=\"fusion-layout-column fusion_builder_column fusion-builder-column-0 fusion_builder_column_1_1 1_1 fusion-flex-column\" style=\"--awb-bg-size:cover;--awb-width-large:100%;--awb-margin-top-large:0px;--awb-spacing-right-large:1.92%;--awb-margin-bottom-large:20px;--awb-spacing-left-large:1.92%;--awb-width-medium:100%;--awb-order-medium:0;--awb-spacing-right-medium:1.92%;--awb-spacing-left-medium:1.92%;--awb-width-small:100%;--awb-order-small:0;--awb-spacing-right-small:1.92%;--awb-spacing-left-small:1.92%;\"><div class=\"fusion-column-wrapper fusion-column-has-shadow fusion-flex-justify-content-flex-start fusion-content-layout-column\"><ul style=\"--awb-line-height:27.2px;--awb-icon-width:27.2px;--awb-icon-height:27.2px;--awb-icon-margin:11.2px;--awb-content-margin:38.4px;--awb-circlecolor:#b67cd1;--awb-circle-yes-font-size:14.08px;\" class=\"fusion-checklist fusion-checklist-1 fusion-checklist-default type-icons\"><li class=\"fusion-li-item\" style=\"\"><span class=\"icon-wrapper circle-yes\"><i class=\"fusion-li-icon fa-calendar-alt fas\" aria-hidden=\"true\"><\/i><\/span><div class=\"fusion-li-item-content\">\n<p><strong>3 de enero de 2018<\/strong><\/p>\n<\/div><\/li><li class=\"fusion-li-item\" style=\"\"><span class=\"icon-wrapper circle-yes\"><i class=\"fusion-li-icon fa-medal fas\" aria-hidden=\"true\"><\/i><\/span><div class=\"fusion-li-item-content\">\n<p><strong>Medalla N\u00ba 15<\/strong><\/p>\n<\/div><\/li><\/ul><\/div><\/div><\/div><\/div><div class=\"fusion-fullwidth fullwidth-box fusion-builder-row-2 fusion-flex-container nonhundred-percent-fullwidth non-hundred-percent-height-scrolling\" style=\"--awb-border-radius-top-left:0px;--awb-border-radius-top-right:0px;--awb-border-radius-bottom-right:0px;--awb-border-radius-bottom-left:0px;--awb-flex-wrap:wrap;\" ><div class=\"fusion-builder-row fusion-row fusion-flex-align-items-flex-start fusion-flex-content-wrap\" style=\"max-width:1248px;margin-left: calc(-4% \/ 2 );margin-right: calc(-4% \/ 2 );\"><div class=\"fusion-layout-column fusion_builder_column fusion-builder-column-1 fusion_builder_column_1_4 1_4 fusion-flex-column\" style=\"--awb-bg-size:cover;--awb-width-large:25%;--awb-margin-top-large:0px;--awb-spacing-right-large:7.68%;--awb-margin-bottom-large:20px;--awb-spacing-left-large:7.68%;--awb-width-medium:25%;--awb-order-medium:0;--awb-spacing-right-medium:7.68%;--awb-spacing-left-medium:7.68%;--awb-width-small:100%;--awb-order-small:0;--awb-spacing-right-small:1.92%;--awb-spacing-left-small:1.92%;\"><div class=\"fusion-column-wrapper fusion-column-has-shadow fusion-flex-justify-content-flex-start fusion-content-layout-column\"><div class=\"fusion-image-element \" style=\"--awb-caption-title-font-family:var(--h2_typography-font-family);--awb-caption-title-font-weight:var(--h2_typography-font-weight);--awb-caption-title-font-style:var(--h2_typography-font-style);--awb-caption-title-size:var(--h2_typography-font-size);--awb-caption-title-transform:var(--h2_typography-text-transform);--awb-caption-title-line-height:var(--h2_typography-line-height);--awb-caption-title-letter-spacing:var(--h2_typography-letter-spacing);\"><span class=\" fusion-imageframe imageframe-none imageframe-1 hover-type-none\"><a class=\"fusion-no-lightbox\" href=\"https:\/\/www.academiapsicologia.com\/wp-content\/uploads\/2021\/02\/JOSE_MARIA_PRIETO_ZAMORA.jpg\" target=\"_blank\" aria-label=\"JOS\u00c9_MAR\u00cdA_PRIETO_ZAMORA\" rel=\"noopener noreferrer\"><img decoding=\"async\" width=\"244\" height=\"300\" src=\"https:\/\/www.academiapsicologia.com\/wp-content\/uploads\/2021\/02\/JOSE_MARIA_PRIETO_ZAMORA-244x300.jpg\" alt class=\"img-responsive wp-image-632\" srcset=\"https:\/\/www.academiapsicologia.com\/wp-content\/uploads\/2021\/02\/JOSE_MARIA_PRIETO_ZAMORA-200x246.jpg 200w, https:\/\/www.academiapsicologia.com\/wp-content\/uploads\/2021\/02\/JOSE_MARIA_PRIETO_ZAMORA.jpg 354w\" sizes=\"(max-width: 640px) 100vw, 244px\" \/><\/a><\/span><\/div><\/div><\/div><div class=\"fusion-layout-column fusion_builder_column fusion-builder-column-2 fusion_builder_column_3_4 3_4 fusion-flex-column\" style=\"--awb-bg-size:cover;--awb-width-large:75%;--awb-margin-top-large:0px;--awb-spacing-right-large:2.56%;--awb-margin-bottom-large:20px;--awb-spacing-left-large:2.56%;--awb-width-medium:75%;--awb-order-medium:0;--awb-spacing-right-medium:2.56%;--awb-spacing-left-medium:2.56%;--awb-width-small:100%;--awb-order-small:0;--awb-spacing-right-small:1.92%;--awb-spacing-left-small:1.92%;\"><div class=\"fusion-column-wrapper fusion-column-has-shadow fusion-flex-justify-content-flex-start fusion-content-layout-column\"><div class=\"fusion-text fusion-text-1\"><div align=\"justify\">\n<p>Madrile\u00f1o, catedr\u00e1tico de universidad, dos \u00e1mbitos en la UCM, Psicolog\u00eda del Personal y Psicolog\u00eda de las Religiones. Secretario general (1998-2006) de la International Association of Applied Psychology (IAAP) y miembro del European Network of Organizational Psychology (1983 \u2013 2002). Delegado ante la International Union of Psychological Science (1984 \u2013 2016) y ante la European Federation Psychologists Associations (1984-2009).Fundador de la Revista de Psicolog\u00eda del Trabajo y de las Organizaciones, miembro del comit\u00e9 editorial de revistas como Ansiedad y Estr\u00e9s , Applied Psychology: An International Review, European Psychologist, European Review of Applied Psychology, European Work &amp; Organizational Psychology, Interdisciplinaria, Journal of Occupational &amp; Organizational Psychology, Papeles Psic\u00f3logo, Professional Issues in Selection &amp; Assessment: An International Journal, Psicothema, Revista de Psicolog\u00eda General y Aplicada, Risorsa Uomo, Rivista di Psicolog\u00eda del Lavoro e dell\u2019Organizzazione, Suma Psicologica.<\/p>\n<p>Galardones de la American Psychological Association, divisiones 1 (2011), 14 (2005) y 52 (2004), del Colegio Oficial de Psic\u00f3logos (2013, 2005, 2006), de la IAAP (1998, 2014), del Servicio de Psicolog\u00eda del Ejercito (1990, 2001, 2002), de Afyde (1988), deAEDIPE(1993).<\/p>\n<p>Co-director del International Handbook of Applied Psychology (2011). Cap\u00edtulos en handbooks: Advances in Industrial Organizational Psychology (1989), Handbook of selection and assessment in organizations (1989), General Psychology &amp; Environmental Psychology, Personnel Selection &amp; Assessment (1993), Professional Issues in Selection &amp; assessment (1993), Handbook of Industrial &amp; Organizational Psychology (1994), International Handbook of selection and assessment (1997), New perspectives in Industrial and Organizational Psychology(1997), International Handbook of Psychology (2000), Handbook of International Psychology (2004), Encyclopedia of Applied Psychology (2004), Stress and Emotion (2005), Culture &amp; leadership across the world (2007), The Oxford handbook of International Psychology Ethics (2012), Handbook of counselling and psychotherapy in the international context (2012), Teaching Psychology around the world (2012), International Counseling Case Studies Handbook (2015).<\/p>\n<p>111 art\u00edculos en revistas psicol\u00f3gicas. En la UCM titular de la colecci\u00f3n de arte Jos\u00e9 M. Prieto. Experto en NTIC \u2013 websites y aulas virtuales. Tambi\u00e9n en Psicolog\u00eda del Arte.<\/p>\n<\/div>\n<\/div><\/div><\/div><\/div><\/div><\/p>\n","protected":false},"excerpt":{"rendered":"","protected":false},"author":1,"featured_media":0,"comment_status":"closed","ping_status":"open","sticky":false,"template":"","format":"standard","meta":{"footnotes":""},"categories":[11],"tags":[],"class_list":["post-631","post","type-post","status-publish","format-standard","hentry","category-academicos"],"_links":{"self":[{"href":"https:\/\/www.academiapsicologia.com\/index.php\/wp-json\/wp\/v2\/posts\/631","targetHints":{"allow":["GET"]}}],"collection":[{"href":"https:\/\/www.academiapsicologia.com\/index.php\/wp-json\/wp\/v2\/posts"}],"about":[{"href":"https:\/\/www.academiapsicologia.com\/index.php\/wp-json\/wp\/v2\/types\/post"}],"author":[{"embeddable":true,"href":"https:\/\/www.academiapsicologia.com\/index.php\/wp-json\/wp\/v2\/users\/1"}],"replies":[{"embeddable":true,"href":"https:\/\/www.academiapsicologia.com\/index.php\/wp-json\/wp\/v2\/comments?post=631"}],"version-history":[{"count":2,"href":"https:\/\/www.academiapsicologia.com\/index.php\/wp-json\/wp\/v2\/posts\/631\/revisions"}],"predecessor-version":[{"id":3659,"href":"https:\/\/www.academiapsicologia.com\/index.php\/wp-json\/wp\/v2\/posts\/631\/revisions\/3659"}],"wp:attachment":[{"href":"https:\/\/www.academiapsicologia.com\/index.php\/wp-json\/wp\/v2\/media?parent=631"}],"wp:term":[{"taxonomy":"category","embeddable":true,"href":"https:\/\/www.academiapsicologia.com\/index.php\/wp-json\/wp\/v2\/categories?post=631"},{"taxonomy":"post_tag","embeddable":true,"href":"https:\/\/www.academiapsicologia.com\/index.php\/wp-json\/wp\/v2\/tags?post=631"}],"curies":[{"name":"wp","href":"https:\/\/api.w.org\/{rel}","templated":true}]}}