{"id":650,"date":"2018-01-03T15:07:01","date_gmt":"2018-01-03T14:07:01","guid":{"rendered":"https:\/\/www.academiapsicologia.com\/?p=650"},"modified":"2021-02-15T15:12:21","modified_gmt":"2021-02-15T14:12:21","slug":"jaime-vila-castellar","status":"publish","type":"post","link":"https:\/\/www.academiapsicologia.com\/index.php\/2018\/01\/03\/jaime-vila-castellar\/","title":{"rendered":"Excmo. Sr. D. Jaime Vila Castellar"},"content":{"rendered":"<p><div class=\"fusion-fullwidth fullwidth-box fusion-builder-row-1 fusion-flex-container nonhundred-percent-fullwidth non-hundred-percent-height-scrolling\" style=\"--awb-border-radius-top-left:0px;--awb-border-radius-top-right:0px;--awb-border-radius-bottom-right:0px;--awb-border-radius-bottom-left:0px;--awb-flex-wrap:wrap;\" ><div class=\"fusion-builder-row fusion-row fusion-flex-align-items-flex-start fusion-flex-content-wrap\" style=\"max-width:1248px;margin-left: calc(-4% \/ 2 );margin-right: calc(-4% \/ 2 );\"><div class=\"fusion-layout-column fusion_builder_column fusion-builder-column-0 fusion_builder_column_1_1 1_1 fusion-flex-column\" style=\"--awb-bg-size:cover;--awb-width-large:100%;--awb-margin-top-large:0px;--awb-spacing-right-large:1.92%;--awb-margin-bottom-large:20px;--awb-spacing-left-large:1.92%;--awb-width-medium:100%;--awb-order-medium:0;--awb-spacing-right-medium:1.92%;--awb-spacing-left-medium:1.92%;--awb-width-small:100%;--awb-order-small:0;--awb-spacing-right-small:1.92%;--awb-spacing-left-small:1.92%;\"><div class=\"fusion-column-wrapper fusion-column-has-shadow fusion-flex-justify-content-flex-start fusion-content-layout-column\"><ul style=\"--awb-line-height:27.2px;--awb-icon-width:27.2px;--awb-icon-height:27.2px;--awb-icon-margin:11.2px;--awb-content-margin:38.4px;--awb-circlecolor:#b67cd1;--awb-circle-yes-font-size:14.08px;\" class=\"fusion-checklist fusion-checklist-1 fusion-checklist-default type-icons\"><li class=\"fusion-li-item\" style=\"\"><span class=\"icon-wrapper circle-yes\"><i class=\"fusion-li-icon fa-calendar-alt fas\" aria-hidden=\"true\"><\/i><\/span><div class=\"fusion-li-item-content\">\n<p><strong>3 de enero de 2018<\/strong><\/p>\n<\/div><\/li><li class=\"fusion-li-item\" style=\"\"><span class=\"icon-wrapper circle-yes\"><i class=\"fusion-li-icon fa-medal fas\" aria-hidden=\"true\"><\/i><\/span><div class=\"fusion-li-item-content\">\n<p><strong>Medalla N\u00ba 17<\/strong><\/p>\n<\/div><\/li><\/ul><\/div><\/div><\/div><\/div><div class=\"fusion-fullwidth fullwidth-box fusion-builder-row-2 fusion-flex-container nonhundred-percent-fullwidth non-hundred-percent-height-scrolling\" style=\"--awb-border-radius-top-left:0px;--awb-border-radius-top-right:0px;--awb-border-radius-bottom-right:0px;--awb-border-radius-bottom-left:0px;--awb-flex-wrap:wrap;\" ><div class=\"fusion-builder-row fusion-row fusion-flex-align-items-flex-start fusion-flex-content-wrap\" style=\"max-width:1248px;margin-left: calc(-4% \/ 2 );margin-right: calc(-4% \/ 2 );\"><div class=\"fusion-layout-column fusion_builder_column fusion-builder-column-1 fusion_builder_column_1_4 1_4 fusion-flex-column\" style=\"--awb-bg-size:cover;--awb-width-large:25%;--awb-margin-top-large:0px;--awb-spacing-right-large:7.68%;--awb-margin-bottom-large:20px;--awb-spacing-left-large:7.68%;--awb-width-medium:25%;--awb-order-medium:0;--awb-spacing-right-medium:7.68%;--awb-spacing-left-medium:7.68%;--awb-width-small:100%;--awb-order-small:0;--awb-spacing-right-small:1.92%;--awb-spacing-left-small:1.92%;\"><div class=\"fusion-column-wrapper fusion-column-has-shadow fusion-flex-justify-content-flex-start fusion-content-layout-column\"><div class=\"fusion-image-element \" style=\"--awb-caption-title-font-family:var(--h2_typography-font-family);--awb-caption-title-font-weight:var(--h2_typography-font-weight);--awb-caption-title-font-style:var(--h2_typography-font-style);--awb-caption-title-size:var(--h2_typography-font-size);--awb-caption-title-transform:var(--h2_typography-text-transform);--awb-caption-title-line-height:var(--h2_typography-line-height);--awb-caption-title-letter-spacing:var(--h2_typography-letter-spacing);\"><span class=\" fusion-imageframe imageframe-none imageframe-1 hover-type-none\"><a class=\"fusion-no-lightbox\" href=\"https:\/\/www.academiapsicologia.com\/wp-content\/uploads\/2021\/02\/JAIME_VILA_CASTELLAR.jpg\" target=\"_blank\" aria-label=\"JAIME_VILA_CASTELLAR\" rel=\"noopener noreferrer\"><img decoding=\"async\" width=\"191\" height=\"300\" src=\"https:\/\/www.academiapsicologia.com\/wp-content\/uploads\/2021\/02\/JAIME_VILA_CASTELLAR-191x300.jpg\" alt class=\"img-responsive wp-image-651\" srcset=\"https:\/\/www.academiapsicologia.com\/wp-content\/uploads\/2021\/02\/JAIME_VILA_CASTELLAR-200x315.jpg 200w, https:\/\/www.academiapsicologia.com\/wp-content\/uploads\/2021\/02\/JAIME_VILA_CASTELLAR.jpg 358w\" sizes=\"(max-width: 640px) 100vw, 191px\" \/><\/a><\/span><\/div><\/div><\/div><div class=\"fusion-layout-column fusion_builder_column fusion-builder-column-2 fusion_builder_column_3_4 3_4 fusion-flex-column\" style=\"--awb-bg-size:cover;--awb-width-large:75%;--awb-margin-top-large:0px;--awb-spacing-right-large:2.56%;--awb-margin-bottom-large:20px;--awb-spacing-left-large:2.56%;--awb-width-medium:75%;--awb-order-medium:0;--awb-spacing-right-medium:2.56%;--awb-spacing-left-medium:2.56%;--awb-width-small:100%;--awb-order-small:0;--awb-spacing-right-small:1.92%;--awb-spacing-left-small:1.92%;\"><div class=\"fusion-column-wrapper fusion-column-has-shadow fusion-flex-justify-content-flex-start fusion-content-layout-column\"><div class=\"fusion-text fusion-text-1\"><div align=\"justify\">\n<article class=\"contentarea\">\n<div align=\"justify\">\n<p>Catedr\u00e1tico de Personalidad, Evaluaci\u00f3n y Tratamiento Psicol\u00f3gico de la Universidad de Granada.Se licenci\u00f3 en Psicolog\u00eda en la Universidad Complutense de Madrid en 1971 y se doctor\u00f3 en Psicolog\u00eda Cl\u00ednica en la Universidad Victoria de Manchester, Inglaterra, en 1977, a\u00f1o en el que se incorpor\u00f3 a la Universidad de Granada para dirigir los estudios de la Especialidad de Psicolog\u00eda en dicha Universidad. Posee, adem\u00e1s, los t\u00edtulos de Especialista en Psicolog\u00eda Cl\u00ednica y Especialista en Psicoterapia.<\/p>\n<p>Su principal l\u00ednea de investigaci\u00f3n ha sido el estudio de los mecanismos psicofisiol\u00f3gicos de las emociones negativas y positivas utilizando como paradigma de investigaci\u00f3n la modulaci\u00f3n afectiva de dos reflejos defensivos: la respuesta card\u00edaca de defensa y el reflejo de sobresalto.<br \/>\nEntre las emociones negativas investigadas destacan el miedo y la ansiedad, en sus manifestaciones tanto normales como patol\u00f3gicas (los trastornos de la ansiedad y del estr\u00e9s). Entre las emociones positivas investigadas destacan el amor filial y el amor rom\u00e1ntico, estudiados a trav\u00e9s los mecanismos psicofisiol\u00f3gicos del procesamiento de caras queridas. Estas dos l\u00edneas de investigaci\u00f3n b\u00e1sica han dado lugar a diferentes investigaciones aplicadas entre las que destacan el estudio de los trastornos de la ansiedad, los trastornos de la alimentaci\u00f3n y los trastornos adictivos (tabaco, alcohol y coca\u00edna).<\/p>\n<p>Actualmente dirige el Laboratorio de Psicofisiolog\u00eda Humana y Salud en el Centro de Investigaci\u00f3n Mente, Cerebro y Comportamiento (CIMCYC) de la Universidad de Granada. Ha dirigido 40 Tesis Doctorales y es autor de tres libros y numerosas publicaciones cient\u00edficas.<\/p>\n<\/div>\n<\/article>\n<\/div>\n<\/div><\/div><\/div><\/div><\/div><\/p>\n","protected":false},"excerpt":{"rendered":"","protected":false},"author":1,"featured_media":0,"comment_status":"closed","ping_status":"open","sticky":false,"template":"","format":"standard","meta":{"footnotes":""},"categories":[11],"tags":[],"class_list":["post-650","post","type-post","status-publish","format-standard","hentry","category-academicos"],"_links":{"self":[{"href":"https:\/\/www.academiapsicologia.com\/index.php\/wp-json\/wp\/v2\/posts\/650","targetHints":{"allow":["GET"]}}],"collection":[{"href":"https:\/\/www.academiapsicologia.com\/index.php\/wp-json\/wp\/v2\/posts"}],"about":[{"href":"https:\/\/www.academiapsicologia.com\/index.php\/wp-json\/wp\/v2\/types\/post"}],"author":[{"embeddable":true,"href":"https:\/\/www.academiapsicologia.com\/index.php\/wp-json\/wp\/v2\/users\/1"}],"replies":[{"embeddable":true,"href":"https:\/\/www.academiapsicologia.com\/index.php\/wp-json\/wp\/v2\/comments?post=650"}],"version-history":[{"count":2,"href":"https:\/\/www.academiapsicologia.com\/index.php\/wp-json\/wp\/v2\/posts\/650\/revisions"}],"predecessor-version":[{"id":653,"href":"https:\/\/www.academiapsicologia.com\/index.php\/wp-json\/wp\/v2\/posts\/650\/revisions\/653"}],"wp:attachment":[{"href":"https:\/\/www.academiapsicologia.com\/index.php\/wp-json\/wp\/v2\/media?parent=650"}],"wp:term":[{"taxonomy":"category","embeddable":true,"href":"https:\/\/www.academiapsicologia.com\/index.php\/wp-json\/wp\/v2\/categories?post=650"},{"taxonomy":"post_tag","embeddable":true,"href":"https:\/\/www.academiapsicologia.com\/index.php\/wp-json\/wp\/v2\/tags?post=650"}],"curies":[{"name":"wp","href":"https:\/\/api.w.org\/{rel}","templated":true}]}}