{"id":67,"date":"2020-12-16T11:05:19","date_gmt":"2020-12-16T10:05:19","guid":{"rendered":"https:\/\/www.academiapsicologia.com\/?p=67"},"modified":"2021-02-25T16:51:05","modified_gmt":"2021-02-25T15:51:05","slug":"ma-paz-garcia-vera-nombrada-academica-de-numero-de-la-academia-de-psicologia-de-espana","status":"publish","type":"post","link":"https:\/\/www.academiapsicologia.com\/index.php\/2020\/12\/16\/ma-paz-garcia-vera-nombrada-academica-de-numero-de-la-academia-de-psicologia-de-espana\/","title":{"rendered":"M\u00aa Paz Garc\u00eda Vera nombrada Acad\u00e9mica de N\u00famero de la Academia de Psicolog\u00eda de Espa\u00f1a"},"content":{"rendered":"<p><a href=\"https:\/\/www.academiapsicologia.com\/wp-content\/uploads\/2021\/02\/Ma-Paz-Garcia-Vera-nombrada-Academica-de-Numero-de-la-Academia-de-Psicologia-de-Espana-02.jpg\" target=\"_blank\" rel=\"noopener\"><img decoding=\"async\" class=\"alignleft wp-image-69 size-medium\" src=\"https:\/\/www.academiapsicologia.com\/wp-content\/uploads\/2021\/02\/Ma-Paz-Garcia-Vera-nombrada-Academica-de-Numero-de-la-Academia-de-Psicologia-de-Espana-02-300x200.jpg\" alt=\"\" width=\"300\" height=\"200\" srcset=\"https:\/\/www.academiapsicologia.com\/wp-content\/uploads\/2021\/02\/Ma-Paz-Garcia-Vera-nombrada-Academica-de-Numero-de-la-Academia-de-Psicologia-de-Espana-02-200x133.jpg 200w, https:\/\/www.academiapsicologia.com\/wp-content\/uploads\/2021\/02\/Ma-Paz-Garcia-Vera-nombrada-Academica-de-Numero-de-la-Academia-de-Psicologia-de-Espana-02-300x200.jpg 300w, https:\/\/www.academiapsicologia.com\/wp-content\/uploads\/2021\/02\/Ma-Paz-Garcia-Vera-nombrada-Academica-de-Numero-de-la-Academia-de-Psicologia-de-Espana-02-400x267.jpg 400w, https:\/\/www.academiapsicologia.com\/wp-content\/uploads\/2021\/02\/Ma-Paz-Garcia-Vera-nombrada-Academica-de-Numero-de-la-Academia-de-Psicologia-de-Espana-02-600x400.jpg 600w, https:\/\/www.academiapsicologia.com\/wp-content\/uploads\/2021\/02\/Ma-Paz-Garcia-Vera-nombrada-Academica-de-Numero-de-la-Academia-de-Psicologia-de-Espana-02-768x512.jpg 768w, https:\/\/www.academiapsicologia.com\/wp-content\/uploads\/2021\/02\/Ma-Paz-Garcia-Vera-nombrada-Academica-de-Numero-de-la-Academia-de-Psicologia-de-Espana-02-800x533.jpg 800w, https:\/\/www.academiapsicologia.com\/wp-content\/uploads\/2021\/02\/Ma-Paz-Garcia-Vera-nombrada-Academica-de-Numero-de-la-Academia-de-Psicologia-de-Espana-02-1024x683.jpg 1024w, https:\/\/www.academiapsicologia.com\/wp-content\/uploads\/2021\/02\/Ma-Paz-Garcia-Vera-nombrada-Academica-de-Numero-de-la-Academia-de-Psicologia-de-Espana-02-1200x800.jpg 1200w, https:\/\/www.academiapsicologia.com\/wp-content\/uploads\/2021\/02\/Ma-Paz-Garcia-Vera-nombrada-Academica-de-Numero-de-la-Academia-de-Psicologia-de-Espana-02-1536x1024.jpg 1536w\" sizes=\"(max-width: 300px) 100vw, 300px\" \/><\/a><a href=\"https:\/\/www.academiapsicologia.com\/wp-content\/uploads\/2021\/02\/Ma-Paz-Garcia-Vera-nombrada-Academica-de-Numero-de-la-Academia-de-Psicologia-de-Espana-03.jpg\" target=\"_blank\" rel=\"noopener\"><img decoding=\"async\" class=\"alignright wp-image-70 size-medium\" src=\"https:\/\/www.academiapsicologia.com\/wp-content\/uploads\/2021\/02\/Ma-Paz-Garcia-Vera-nombrada-Academica-de-Numero-de-la-Academia-de-Psicologia-de-Espana-03-300x200.jpg\" alt=\"\" width=\"300\" height=\"200\" srcset=\"https:\/\/www.academiapsicologia.com\/wp-content\/uploads\/2021\/02\/Ma-Paz-Garcia-Vera-nombrada-Academica-de-Numero-de-la-Academia-de-Psicologia-de-Espana-03-200x133.jpg 200w, https:\/\/www.academiapsicologia.com\/wp-content\/uploads\/2021\/02\/Ma-Paz-Garcia-Vera-nombrada-Academica-de-Numero-de-la-Academia-de-Psicologia-de-Espana-03-300x200.jpg 300w, https:\/\/www.academiapsicologia.com\/wp-content\/uploads\/2021\/02\/Ma-Paz-Garcia-Vera-nombrada-Academica-de-Numero-de-la-Academia-de-Psicologia-de-Espana-03-400x267.jpg 400w, https:\/\/www.academiapsicologia.com\/wp-content\/uploads\/2021\/02\/Ma-Paz-Garcia-Vera-nombrada-Academica-de-Numero-de-la-Academia-de-Psicologia-de-Espana-03-600x400.jpg 600w, https:\/\/www.academiapsicologia.com\/wp-content\/uploads\/2021\/02\/Ma-Paz-Garcia-Vera-nombrada-Academica-de-Numero-de-la-Academia-de-Psicologia-de-Espana-03-768x512.jpg 768w, https:\/\/www.academiapsicologia.com\/wp-content\/uploads\/2021\/02\/Ma-Paz-Garcia-Vera-nombrada-Academica-de-Numero-de-la-Academia-de-Psicologia-de-Espana-03-800x533.jpg 800w, https:\/\/www.academiapsicologia.com\/wp-content\/uploads\/2021\/02\/Ma-Paz-Garcia-Vera-nombrada-Academica-de-Numero-de-la-Academia-de-Psicologia-de-Espana-03-1024x683.jpg 1024w, https:\/\/www.academiapsicologia.com\/wp-content\/uploads\/2021\/02\/Ma-Paz-Garcia-Vera-nombrada-Academica-de-Numero-de-la-Academia-de-Psicologia-de-Espana-03-1200x800.jpg 1200w, https:\/\/www.academiapsicologia.com\/wp-content\/uploads\/2021\/02\/Ma-Paz-Garcia-Vera-nombrada-Academica-de-Numero-de-la-Academia-de-Psicologia-de-Espana-03-1536x1024.jpg 1536w\" sizes=\"(max-width: 300px) 100vw, 300px\" \/><\/a>El pasado 15 de diciembre, M\u00aa Paz Garc\u00eda Vera, fue nombrada Acad\u00e9mica de N\u00famero de la Academia de Psicolog\u00eda de Espa\u00f1a por \u201cconcurrir en ella relevantes m\u00e9ritos cient\u00edfico-profesionales\u201d.<\/p>\n<p>La nueva Acad\u00e9mica M\u00aa Paz Garc\u00eda Vera, realiz\u00f3 un discurso de Recepci\u00f3n con el t\u00edtulo\u00a0<a href=\"https:\/\/www.academiapsicologia.com\/wp-content\/uploads\/2021\/01\/20201215-Nombramiento-Ma-Paz-Garcia-Vera-Discurso.pdf\" target=\"_blank\" rel=\"noopener noreferrer\"><strong>\u00abLa Psicolog\u00eda en tiempos de pandemia: \u00bfEstamos siendo relevantes?\u00bb<\/strong><\/a>. El discurso fue contestado por el acad\u00e9mico Jos\u00e9 Mar\u00eda Prieto Zamora.<\/p>\n<p>M\u00aa Paz Garc\u00eda Vera recogi\u00f3 su Diploma y su medalla como nueva Acad\u00e9mica de manos del Presidente de la Academia Helio Carpintero.<\/p>\n<p>El acto fue retransmitido en directo v\u00eda streaming y fue seguido por m\u00e1s de 400 personas.<\/p>\n<div align=\"center\"><iframe src=\"https:\/\/www.youtube.com\/embed\/98od0Ed0ueQ\" width=\"560\" height=\"315\" frameborder=\"0\" allowfullscreen=\"allowfullscreen\"><\/iframe><\/div>\n","protected":false},"excerpt":{"rendered":"<p>El pasado 15 de diciembre, M\u00aa Paz Garc\u00eda Vera, fue  [&#8230;]<\/p>\n","protected":false},"author":1,"featured_media":68,"comment_status":"closed","ping_status":"open","sticky":false,"template":"","format":"standard","meta":{"footnotes":""},"categories":[6],"tags":[],"class_list":["post-67","post","type-post","status-publish","format-standard","has-post-thumbnail","hentry","category-noticias"],"_links":{"self":[{"href":"https:\/\/www.academiapsicologia.com\/index.php\/wp-json\/wp\/v2\/posts\/67","targetHints":{"allow":["GET"]}}],"collection":[{"href":"https:\/\/www.academiapsicologia.com\/index.php\/wp-json\/wp\/v2\/posts"}],"about":[{"href":"https:\/\/www.academiapsicologia.com\/index.php\/wp-json\/wp\/v2\/types\/post"}],"author":[{"embeddable":true,"href":"https:\/\/www.academiapsicologia.com\/index.php\/wp-json\/wp\/v2\/users\/1"}],"replies":[{"embeddable":true,"href":"https:\/\/www.academiapsicologia.com\/index.php\/wp-json\/wp\/v2\/comments?post=67"}],"version-history":[{"count":3,"href":"https:\/\/www.academiapsicologia.com\/index.php\/wp-json\/wp\/v2\/posts\/67\/revisions"}],"predecessor-version":[{"id":73,"href":"https:\/\/www.academiapsicologia.com\/index.php\/wp-json\/wp\/v2\/posts\/67\/revisions\/73"}],"wp:featuredmedia":[{"embeddable":true,"href":"https:\/\/www.academiapsicologia.com\/index.php\/wp-json\/wp\/v2\/media\/68"}],"wp:attachment":[{"href":"https:\/\/www.academiapsicologia.com\/index.php\/wp-json\/wp\/v2\/media?parent=67"}],"wp:term":[{"taxonomy":"category","embeddable":true,"href":"https:\/\/www.academiapsicologia.com\/index.php\/wp-json\/wp\/v2\/categories?post=67"},{"taxonomy":"post_tag","embeddable":true,"href":"https:\/\/www.academiapsicologia.com\/index.php\/wp-json\/wp\/v2\/tags?post=67"}],"curies":[{"name":"wp","href":"https:\/\/api.w.org\/{rel}","templated":true}]}}