{"id":752,"date":"2021-03-17T16:17:24","date_gmt":"2021-03-17T15:17:24","guid":{"rendered":"https:\/\/www.academiapsicologia.com\/?p=752"},"modified":"2021-03-22T16:19:41","modified_gmt":"2021-03-22T15:19:41","slug":"la-salud-mental-en-nuestro-pais-esta-completamente-sobrepasada-ma-paz-garcia-vera-en-las-mananas-de-rne-con-inigo-alfonso","status":"publish","type":"post","link":"https:\/\/www.academiapsicologia.com\/index.php\/2021\/03\/17\/la-salud-mental-en-nuestro-pais-esta-completamente-sobrepasada-ma-paz-garcia-vera-en-las-mananas-de-rne-con-inigo-alfonso\/","title":{"rendered":"La salud mental en nuestro pa\u00eds est\u00e1 completamente sobrepasada &#8211; M\u00aa Paz Garc\u00eda-Vera en \u00abLas ma\u00f1anas de RNE con \u00cd\u00f1igo Alfonso\u00bb"},"content":{"rendered":"<div align=\"justify\">La <strong>Academia de Psicolog\u00eda de Espa\u00f1a<\/strong> va a celebrar esta tarde una conferencia sobre el trabajo de estos profesionales a lo largo de la pandemia de COVID-19: una emergencia sanitaria y social con importantes consecuencias y desaf\u00edos tambi\u00e9n para la salud mental de la poblaci\u00f3n. <strong>Mar\u00eda Paz Garc\u00eda-Vera<\/strong>, acad\u00e9mica de esta organizaci\u00f3n y catedr\u00e1tica de Psicolog\u00eda Cl\u00ednica de la Universidad Complutense de Madrid, ha asegurado en <em>Las ma\u00f1anas de RNE con I\u00f1igo Alfonso<\/em> que la \u00absalud mental en nuestro pa\u00eds est\u00e1 <strong>completamente sobrepasada<\/strong>\u00ab, en parte por la llamada \u00ab<strong>fatiga pand\u00e9mica<\/strong>\u00ab, con un sentimiento de tristeza colectivo producido por todas las p\u00e9rdidas y una ansiedad provocada por el miedo y la incertidumbre, que \u00abla sociedad deber\u00e1 <strong>aprender a manejar<\/strong>\u00ab.<\/div>\n<p>&nbsp;<\/p>\n<div style=\"width: 100%; padding-top: 74px; position: relative; border-bottom: 1px solid #aaa; display: inline-block; background: rgba(255,255,255,0.9);\">\n<p><iframe style=\"width: 100%; height: 37px; position: absolute; left: 0; top: 0; overflow: hidden; border: none; background-color: transparent;\" src=\"https:\/\/secure-embed.rtve.es\/drmn\/embed\/audio\/5820309\" name=\"&quot;La salud mental en nuestro pa\u00eds est\u00e1 sobrepasada&quot;\" scrolling=\"no\" allowfullscreen=\"allowfullscreen\"><\/iframe><\/p>\n<div style=\"position: absolute; bottom: 0; left: 0; font-family: arial,helvetica,sans-serif; font-size: 12px; line-height: 1.833; display: inline-block; padding: 5px 0 5px 10px;\"><span style=\"float: left; margin-right: 10px;\"><br \/>\n<img decoding=\"async\" style=\"height: 20px; width: auto; background: transparent; padding: 0; margin: 0;\" src=\"https:\/\/img2.rtve.es\/css\/rtve.commons\/rtve.header.footer\/i\/logoRTVEes.png\" alt=\"\" \/><br \/>\n<\/span><br \/>\n<a style=\"color: #333; font-weight: bold;\" title=\"&quot;La salud mental en nuestro pa\u00eds est\u00e1 sobrepasada&quot;\" href=\"https:\/\/www.rtve.es\/alacarta\/audios\/las-mananas-de-rne-con-inigo-alfonso\/entrevista-academia-psicologia-salud-mental-sobrepasada\/5820309\/\"><br \/>\n<strong>\u00abLa salud mental en nuestro pa\u00eds est\u00e1 sobrepasada\u00bb<\/strong><br \/>\n<\/a><\/div>\n<\/div>\n","protected":false},"excerpt":{"rendered":"<p>La Academia de Psicolog\u00eda de Espa\u00f1a va a celebrar esta  [&#8230;]<\/p>\n","protected":false},"author":1,"featured_media":755,"comment_status":"closed","ping_status":"open","sticky":false,"template":"","format":"standard","meta":{"footnotes":""},"categories":[6],"tags":[],"class_list":["post-752","post","type-post","status-publish","format-standard","has-post-thumbnail","hentry","category-noticias"],"_links":{"self":[{"href":"https:\/\/www.academiapsicologia.com\/index.php\/wp-json\/wp\/v2\/posts\/752","targetHints":{"allow":["GET"]}}],"collection":[{"href":"https:\/\/www.academiapsicologia.com\/index.php\/wp-json\/wp\/v2\/posts"}],"about":[{"href":"https:\/\/www.academiapsicologia.com\/index.php\/wp-json\/wp\/v2\/types\/post"}],"author":[{"embeddable":true,"href":"https:\/\/www.academiapsicologia.com\/index.php\/wp-json\/wp\/v2\/users\/1"}],"replies":[{"embeddable":true,"href":"https:\/\/www.academiapsicologia.com\/index.php\/wp-json\/wp\/v2\/comments?post=752"}],"version-history":[{"count":4,"href":"https:\/\/www.academiapsicologia.com\/index.php\/wp-json\/wp\/v2\/posts\/752\/revisions"}],"predecessor-version":[{"id":757,"href":"https:\/\/www.academiapsicologia.com\/index.php\/wp-json\/wp\/v2\/posts\/752\/revisions\/757"}],"wp:featuredmedia":[{"embeddable":true,"href":"https:\/\/www.academiapsicologia.com\/index.php\/wp-json\/wp\/v2\/media\/755"}],"wp:attachment":[{"href":"https:\/\/www.academiapsicologia.com\/index.php\/wp-json\/wp\/v2\/media?parent=752"}],"wp:term":[{"taxonomy":"category","embeddable":true,"href":"https:\/\/www.academiapsicologia.com\/index.php\/wp-json\/wp\/v2\/categories?post=752"},{"taxonomy":"post_tag","embeddable":true,"href":"https:\/\/www.academiapsicologia.com\/index.php\/wp-json\/wp\/v2\/tags?post=752"}],"curies":[{"name":"wp","href":"https:\/\/api.w.org\/{rel}","templated":true}]}}