{"id":760,"date":"2021-03-31T17:35:18","date_gmt":"2021-03-31T15:35:18","guid":{"rendered":"https:\/\/www.academiapsicologia.com\/?p=760"},"modified":"2021-05-06T12:49:49","modified_gmt":"2021-05-06T10:49:49","slug":"mesa-redonda-psicologia-y-vejez-en-tiempo-del-covid-23-03-2021","status":"publish","type":"post","link":"https:\/\/www.academiapsicologia.com\/index.php\/2021\/03\/31\/mesa-redonda-psicologia-y-vejez-en-tiempo-del-covid-23-03-2021\/","title":{"rendered":"Mesa Redonda: Psicolog\u00eda y vejez en tiempo del COVID (23\/03\/2021)"},"content":{"rendered":"<h4><strong>Inauguraci\u00f3n y presentaci\u00f3n de los ponentes de la mesa:<\/strong> Jes\u00fas Rodr\u00edguez Mar\u00edn<\/h4>\n<h4><strong>Consecuencias de la pandemia en las personas mayores<\/strong><\/h4>\n<blockquote>\n<h4><strong>Dra. Sacramento Pinazo Hernandis.<\/strong> <em>Universidad de Valencia. Sociedad Valenciana de Geriatr\u00eda y Gerontolog\u00eda<\/em><\/h4>\n<\/blockquote>\n<h4><strong>C\u00f3mo desarrollar un envejecimiento activo en tiempos de pandemia: adaptaci\u00f3n y puesta en marcha del Programa Universitario para Mayores de la Universidad Miguel Hern\u00e1ndez de Elche<\/strong><\/h4>\n<blockquote>\n<h4><strong>Dra. Esther Sitges Maci\u00e1.<\/strong> <em>Directora de \u00c1rea de SABIEX, Programa Integral para Mayores de la Universidad Miguel Hern\u00e1ndez de Elche<\/em><\/h4>\n<\/blockquote>\n<h4><strong>Soledad y vejez en tiempos de pandemia<\/strong><\/h4>\n<blockquote>\n<h4><strong>Jes\u00fas Rodr\u00edguez Mar\u00edn.<\/strong> <em>Catedr\u00e1tico Em\u00e9rito de Psicolog\u00eda de la Salud. Rector Honorario. Universidad Miguel Hern\u00e1ndez de Elche. Acad\u00e9mico de N\u00famero de la Academia de Psicolog\u00eda de Espa\u00f1a<\/em><\/h4>\n<\/blockquote>\n","protected":false},"excerpt":{"rendered":"<p>Inauguraci\u00f3n y presentaci\u00f3n de los ponentes de la mesa: Jes\u00fas  [&#8230;]<\/p>\n","protected":false},"author":1,"featured_media":0,"comment_status":"closed","ping_status":"open","sticky":false,"template":"","format":"standard","meta":{"footnotes":""},"categories":[4],"tags":[],"class_list":["post-760","post","type-post","status-publish","format-standard","hentry","category-mesas-redondas"],"_links":{"self":[{"href":"https:\/\/www.academiapsicologia.com\/index.php\/wp-json\/wp\/v2\/posts\/760","targetHints":{"allow":["GET"]}}],"collection":[{"href":"https:\/\/www.academiapsicologia.com\/index.php\/wp-json\/wp\/v2\/posts"}],"about":[{"href":"https:\/\/www.academiapsicologia.com\/index.php\/wp-json\/wp\/v2\/types\/post"}],"author":[{"embeddable":true,"href":"https:\/\/www.academiapsicologia.com\/index.php\/wp-json\/wp\/v2\/users\/1"}],"replies":[{"embeddable":true,"href":"https:\/\/www.academiapsicologia.com\/index.php\/wp-json\/wp\/v2\/comments?post=760"}],"version-history":[{"count":5,"href":"https:\/\/www.academiapsicologia.com\/index.php\/wp-json\/wp\/v2\/posts\/760\/revisions"}],"predecessor-version":[{"id":909,"href":"https:\/\/www.academiapsicologia.com\/index.php\/wp-json\/wp\/v2\/posts\/760\/revisions\/909"}],"wp:attachment":[{"href":"https:\/\/www.academiapsicologia.com\/index.php\/wp-json\/wp\/v2\/media?parent=760"}],"wp:term":[{"taxonomy":"category","embeddable":true,"href":"https:\/\/www.academiapsicologia.com\/index.php\/wp-json\/wp\/v2\/categories?post=760"},{"taxonomy":"post_tag","embeddable":true,"href":"https:\/\/www.academiapsicologia.com\/index.php\/wp-json\/wp\/v2\/tags?post=760"}],"curies":[{"name":"wp","href":"https:\/\/api.w.org\/{rel}","templated":true}]}}