{"id":77,"date":"2020-12-14T11:13:45","date_gmt":"2020-12-14T10:13:45","guid":{"rendered":"https:\/\/www.academiapsicologia.com\/?p=77"},"modified":"2021-02-08T11:22:35","modified_gmt":"2021-02-08T10:22:35","slug":"entregado-el-premio-jose-luis-pinillos-a-la-excelencia-en-psicologia-2020-a-los-academicos-d-fernando-chacon-fuertes-y-d-jesus-rodriguez-marin","status":"publish","type":"post","link":"https:\/\/www.academiapsicologia.com\/index.php\/2020\/12\/14\/entregado-el-premio-jose-luis-pinillos-a-la-excelencia-en-psicologia-2020-a-los-academicos-d-fernando-chacon-fuertes-y-d-jesus-rodriguez-marin\/","title":{"rendered":"Entregado el Premio Jos\u00e9 Luis Pinillos a la Excelencia en Psicolog\u00eda 2020 a los acad\u00e9micos D. Fernando Chac\u00f3n Fuertes y D. Jes\u00fas Rodr\u00edguez Mar\u00edn"},"content":{"rendered":"<div align=\"justify\">\n<p>El pasado viernes, 11 de diciembre, se celebr\u00f3 la\u00a0<b><i>VII Edici\u00f3n de la Jornada de Excelencia e Innovaci\u00f3n en Psicolog\u00eda<\/i><\/b>, un evento organizado por la Fundaci\u00f3n Espa\u00f1ola para la Promoci\u00f3n y el Desarrollo Cient\u00edfico y Profesional de la Psicolog\u00eda (Psicofundaci\u00f3n) y el Centro de Ense\u00f1anza Superior Cardenal Cisneros, y promovido por el Consejo General de la Psicolog\u00eda de Espa\u00f1a (COP), la Federaci\u00f3n Iberoamericana de Agrupaciones y Colegios de Psicolog\u00eda (FIAP), la Conferencia de Decanos y Decanas de Psicolog\u00eda de las Universidades espa\u00f1olas (CDPUE) y la Academia de la Psicolog\u00eda de Espa\u00f1a.<\/p>\n<p>Debido a la situaci\u00f3n de pandemia, en esta ocasi\u00f3n la Jornada se celebr\u00f3 en el hotel VP El Madro\u00f1o de manera presencial para aquellos asistentes que contaban con invitaci\u00f3n previa y se dispuso un canal online para la asistencia en remoto de todas las personas interesadas.<\/p>\n<p>El encuentro permiti\u00f3 promover el debate de ideas actuales e innovadoras, y premiar, a su vez, la excelencia en la actividad profesional y acad\u00e9mica de la Psicolog\u00eda espa\u00f1ola.<\/p>\n<p>La Jornada fue inaugurada por\u00a0<b>Juan Hermoso Dur\u00e1n,<\/b>\u00a0coordinador de la Divisi\u00f3n de Psicolog\u00eda del \u00a0Centro de Ense\u00f1anza Superior Cardenal Cisneros,\u00a0<b>Heliodoro Carpintero Capell<\/b>, Presidente de la Academia Espa\u00f1ola de Psicolog\u00eda,<b>\u00a0Francisco J. Medina D\u00edaz<\/b>, Presidente de la Conferencia de Decanos y Decanas de Psicolog\u00eda de las Universidades espa\u00f1olas, y\u00a0<b>Francisco Santolaya Ochando<\/b>, Presidente del Consejo General de la Psicolog\u00eda de Espa\u00f1a, Presidente de Psicofundaci\u00f3n y Secretario de la Federaci\u00f3n Iberoamericana de Agrupaciones de Psicolog\u00eda.<\/p>\n<p>Durante la Jornada, se celebr\u00f3 una Conferencia Plenaria, titulada \u201c<i>Diez cosas que todo psic\u00f3logo debe saber sobre el tratamiento con v\u00edctimas de terrorismo\u201d<\/i>, impartida por\u00a0<b>M\u00aa. Paz Garc\u00eda Vera<\/b>, Catedr\u00e1tica de Psicolog\u00eda Cl\u00ednica de la Universidad Complutense de Madrid y Premio Jos\u00e9 Luis Pinillos a la Psic\u00f3loga Espa\u00f1ola Destacada por su Actividad Profesional 2019.<\/p>\n<p>Posteriormente, tuvo lugar una mesa de trabajo sobre \u201c<i>La Psicolog\u00eda ante el cambio clim\u00e1tico\u00bb,<\/i>\u00a0que cont\u00f3 con la participaci\u00f3n de\u00a0<b>Jos\u00e9 Antonio Corraliza<\/b>, Catedr\u00e1tico de Psicolog\u00eda Ambiental de la Universidad Aut\u00f3noma de Madrid,\u00a0<b>Bernardo Hern\u00e1ndez Ruiz<\/b>, Catedr\u00e1tico de Psicolog\u00eda Ambiental,\u00a0<b>Ernesto Su\u00e1rez Rodr\u00edguez<\/b>, profesor Titular de la Universidad de La Laguna,\u00a0<b>M\u00aa Carmen Hidalgo Villodres<\/b>, profesora Titular de la Universidad de M\u00e1laga y\u00a0<b>Gabriel Mui\u00f1os Trujillo<\/b>, Assistant Professor de la Universidad de Groningen.<\/p>\n<\/div>\n<p>Al finalizar la Jornada, se hizo\u00a0<b>entrega de los siguientes Premios y Reconocimientos<\/b>:<\/p>\n<ul>\n<li>Premio Jos\u00e9 Luis Pinillos a la excelencia en Psicolog\u00eda 2020:<br \/>\n\u2013 Al\/a la\u00a0Psic\u00f3logo\/a Espa\u00f1ol\/a Destacado\/a por su Actividad Profesional:\u00a0<b>Fernando Chac\u00f3n Fuertes.<\/b><br \/>\n\u2013 A la Entidad Socialmente Excelente en el \u00c1mbito de la Psicolog\u00eda:\u00a0<b>Fundaci\u00f3n Meni\u00f1os<\/b><br \/>\n\u2013 A la Trayectoria Profesional a lo largo de la Vida de un\/a Psic\u00f3logo\/a Espa\u00f1ol\/a:\u00a0<b>Jes\u00fas Rodr\u00edguez Mar\u00edn<\/b><\/li>\n<\/ul>\n<ul>\n<li>Premios Psicofundaci\u00f3n para J\u00f3venes psic\u00f3logos Emprendedores 2020:<br \/>\n\u2013 A la mejor iniciativa empresarial:\u00a0<b>Bruno Porras Garc\u00eda<\/b>,\u00a0<b>Erik Exp\u00f3sito Sanz<\/b>\u00a0y\u00a0<b>Oscar Castillero Mimenza<\/b>, por el proyecto\u00a0<b><i>\u201cPsiconexia Predict. Desarrollo y validaci\u00f3n de un instrumento digital de riesgo psicopatol\u00f3gico en poblaci\u00f3n adulta e infanto-juvenil<\/i><\/b>\u00ab.<br \/>\n\u2013 A la mejor iniciativa investigadora:\u00a0<b>Sonia Torras Garat<\/b>,\u00a0<b>Eduard Mart\u00ed Vaquer<\/b>\u00a0y\u00a0<b>Eugenia Puig Ninou<\/b>, por el proyecto\u00a0<b><i>\u201cE-psychology Academy\u201d<\/i><\/b>.<\/li>\n<\/ul>\n<p>&nbsp;<\/p>\n<div align=\"center\"><iframe src=\"https:\/\/www.youtube.com\/embed\/pFURA1NtB4U\" width=\"560\" height=\"315\" frameborder=\"0\" allowfullscreen=\"allowfullscreen\"><\/iframe><\/div>\n","protected":false},"excerpt":{"rendered":"<p>El pasado viernes, 11 de diciembre, se celebr\u00f3 la\u00a0VII Edici\u00f3n  [&#8230;]<\/p>\n","protected":false},"author":1,"featured_media":78,"comment_status":"closed","ping_status":"open","sticky":false,"template":"","format":"standard","meta":{"footnotes":""},"categories":[6],"tags":[],"class_list":["post-77","post","type-post","status-publish","format-standard","has-post-thumbnail","hentry","category-noticias"],"_links":{"self":[{"href":"https:\/\/www.academiapsicologia.com\/index.php\/wp-json\/wp\/v2\/posts\/77","targetHints":{"allow":["GET"]}}],"collection":[{"href":"https:\/\/www.academiapsicologia.com\/index.php\/wp-json\/wp\/v2\/posts"}],"about":[{"href":"https:\/\/www.academiapsicologia.com\/index.php\/wp-json\/wp\/v2\/types\/post"}],"author":[{"embeddable":true,"href":"https:\/\/www.academiapsicologia.com\/index.php\/wp-json\/wp\/v2\/users\/1"}],"replies":[{"embeddable":true,"href":"https:\/\/www.academiapsicologia.com\/index.php\/wp-json\/wp\/v2\/comments?post=77"}],"version-history":[{"count":1,"href":"https:\/\/www.academiapsicologia.com\/index.php\/wp-json\/wp\/v2\/posts\/77\/revisions"}],"predecessor-version":[{"id":79,"href":"https:\/\/www.academiapsicologia.com\/index.php\/wp-json\/wp\/v2\/posts\/77\/revisions\/79"}],"wp:featuredmedia":[{"embeddable":true,"href":"https:\/\/www.academiapsicologia.com\/index.php\/wp-json\/wp\/v2\/media\/78"}],"wp:attachment":[{"href":"https:\/\/www.academiapsicologia.com\/index.php\/wp-json\/wp\/v2\/media?parent=77"}],"wp:term":[{"taxonomy":"category","embeddable":true,"href":"https:\/\/www.academiapsicologia.com\/index.php\/wp-json\/wp\/v2\/categories?post=77"},{"taxonomy":"post_tag","embeddable":true,"href":"https:\/\/www.academiapsicologia.com\/index.php\/wp-json\/wp\/v2\/tags?post=77"}],"curies":[{"name":"wp","href":"https:\/\/api.w.org\/{rel}","templated":true}]}}