{"id":777,"date":"2021-04-05T13:56:18","date_gmt":"2021-04-05T11:56:18","guid":{"rendered":"https:\/\/www.academiapsicologia.com\/?p=777"},"modified":"2021-04-05T14:01:25","modified_gmt":"2021-04-05T12:01:25","slug":"la-revista-psicologia-organizacoes-e-trabalho-de-la-sociedad-brasileira-de-pto-acaba-de-editar-un-numero-en-el-que-incluyen-un-acto-de-homenaje-virtual-al-prof-jose-maria-peiro","status":"publish","type":"post","link":"https:\/\/www.academiapsicologia.com\/index.php\/2021\/04\/05\/la-revista-psicologia-organizacoes-e-trabalho-de-la-sociedad-brasileira-de-pto-acaba-de-editar-un-numero-en-el-que-incluyen-un-acto-de-homenaje-virtual-al-prof-jose-maria-peiro\/","title":{"rendered":"La Revista \u00abPsicologia Organiza\u00e7\u00f5es e Trabalho\u00bb (de la Sociedad Brasileira de PTO) acaba de editar un n\u00famero en el que incluyen un acto de homenaje virtual al Prof. Jos\u00e9 Mar\u00eda Peir\u00f3"},"content":{"rendered":"<div align=\"justify\">\n<p>El d\u00eda 31\/3\/2021 a las 9 se celebr\u00f3 una sesi\u00f3n de homenaje al Prof. Dr. Jos\u00e9 Mar\u00eda Peir\u00f3, investigador y profesor de POT de la Universidad de Valencia (UV, Espa\u00f1a).<\/p>\n<p>Representando a RPOT (Revista Psicologia Organiza\u00e7\u00f5es e Trabalho), estaban presentes:<\/p>\n<ul>\n<li><strong>Dr. Roberto Moraes Cruz<\/strong>, <em>Editor Jefe de la RPOT<\/em><\/li>\n<li><strong>Dr. Jairo Eduardo Borges-Andrade<\/strong>, <em>Editor Senior de la RPOT<\/em><\/li>\n<li><strong>Dra. Amalia Raquel P\u00e9rez-Nebra<\/strong>, <em>Universidad de Brasilia y Valencian International University (VIU), Editora invitada al N4\/ 2020<\/em><\/li>\n<\/ul>\n<p>Tambi\u00e9n estaban presentes los editores invitados, <strong>Dr. Vicente Gonz\u00e1lez-Rom\u00e1<\/strong> (<em>UV<\/em>) y <strong>Dra. Ana Zornoza Abad<\/strong> (<em>UV<\/em>), adem\u00e1s de los autores de los art\u00edculos del N4\/ 2020.<\/p>\n<p>La historia, la trayectoria y la contribuci\u00f3n del Dr. Peir\u00f3 a la comunidad acad\u00e9mica puede ser conocida por medio de la Editorial del N4\/ 2020: <a href=\"http:\/\/pepsic.bvsalud.org\/pdf\/rpot\/v20n4\/v20n4a01.pdf\" target=\"_blank\" rel=\"noopener\"><strong>\u00abTributo a Jos\u00e9 Mar\u00eda Peir\u00f3\u00bb<\/strong><\/a>.<\/p>\n<\/div>\n<p style=\"text-align: center;\"><div class=\"fusion-aligncenter\"><a class=\"fusion-button button-flat fusion-button-default-size button-custom fusion-button-default button-1 fusion-button-default-span fusion-button-default-type\" style=\"--button_accent_color:#ffffff;--button_border_color:#8a5e9e;--button_accent_hover_color:#000000;--button_border_hover_color:#000000;--button_gradient_top_color:#b67cd1;--button_gradient_bottom_color:#b67cd1;--button_gradient_top_color_hover:#b67cd1;--button_gradient_bottom_color_hover:#b67cd1;\" target=\"_blank\" rel=\"noopener noreferrer\" href=\"http:\/\/pepsic.bvsalud.org\/scielo.php?script=sci_issuetoc&amp;pid=1984-665720200004&amp;lng=en&amp;nrm=iso\"><i class=\"fa-info-circle fas button-icon-left\" aria-hidden=\"true\"><\/i><span class=\"fusion-button-text\">Acceder a Rev. Psicol., Organ. Trab. vol.20 no.4 Bras\u00edlia Out.\/Dec. 2020<\/span><\/a><\/div><\/p>\n","protected":false},"excerpt":{"rendered":"<p>El d\u00eda 31\/3\/2021 a las 9 se celebr\u00f3 una sesi\u00f3n  [&#8230;]<\/p>\n","protected":false},"author":1,"featured_media":782,"comment_status":"closed","ping_status":"open","sticky":false,"template":"","format":"standard","meta":{"footnotes":""},"categories":[6],"tags":[],"class_list":["post-777","post","type-post","status-publish","format-standard","has-post-thumbnail","hentry","category-noticias"],"_links":{"self":[{"href":"https:\/\/www.academiapsicologia.com\/index.php\/wp-json\/wp\/v2\/posts\/777","targetHints":{"allow":["GET"]}}],"collection":[{"href":"https:\/\/www.academiapsicologia.com\/index.php\/wp-json\/wp\/v2\/posts"}],"about":[{"href":"https:\/\/www.academiapsicologia.com\/index.php\/wp-json\/wp\/v2\/types\/post"}],"author":[{"embeddable":true,"href":"https:\/\/www.academiapsicologia.com\/index.php\/wp-json\/wp\/v2\/users\/1"}],"replies":[{"embeddable":true,"href":"https:\/\/www.academiapsicologia.com\/index.php\/wp-json\/wp\/v2\/comments?post=777"}],"version-history":[{"count":3,"href":"https:\/\/www.academiapsicologia.com\/index.php\/wp-json\/wp\/v2\/posts\/777\/revisions"}],"predecessor-version":[{"id":781,"href":"https:\/\/www.academiapsicologia.com\/index.php\/wp-json\/wp\/v2\/posts\/777\/revisions\/781"}],"wp:featuredmedia":[{"embeddable":true,"href":"https:\/\/www.academiapsicologia.com\/index.php\/wp-json\/wp\/v2\/media\/782"}],"wp:attachment":[{"href":"https:\/\/www.academiapsicologia.com\/index.php\/wp-json\/wp\/v2\/media?parent=777"}],"wp:term":[{"taxonomy":"category","embeddable":true,"href":"https:\/\/www.academiapsicologia.com\/index.php\/wp-json\/wp\/v2\/categories?post=777"},{"taxonomy":"post_tag","embeddable":true,"href":"https:\/\/www.academiapsicologia.com\/index.php\/wp-json\/wp\/v2\/tags?post=777"}],"curies":[{"name":"wp","href":"https:\/\/api.w.org\/{rel}","templated":true}]}}