{"id":85,"date":"2020-11-24T11:29:51","date_gmt":"2020-11-24T10:29:51","guid":{"rendered":"https:\/\/www.academiapsicologia.com\/?p=85"},"modified":"2021-02-08T11:34:27","modified_gmt":"2021-02-08T10:34:27","slug":"aprovechar-los-fondos-europeos-para-la-transicion-digital-exige-avanzar-en-formacion-y-abordar-la-transformacion-digital-de-empresas-y-administraciones","status":"publish","type":"post","link":"https:\/\/www.academiapsicologia.com\/index.php\/2020\/11\/24\/aprovechar-los-fondos-europeos-para-la-transicion-digital-exige-avanzar-en-formacion-y-abordar-la-transformacion-digital-de-empresas-y-administraciones\/","title":{"rendered":"Aprovechar los fondos europeos para la transici\u00f3n digital exige avanzar en formaci\u00f3n y abordar la transformaci\u00f3n digital de empresas y administraciones"},"content":{"rendered":"<div align=\"justify\">\n<h5><strong>El CES presenta su XXI Premio de Investigaci\u00f3n, un estudio elaborado por el Ivie que analiza el impacto de la transformaci\u00f3n digital en Espa\u00f1a, con sus principales amenazas y oportunidades<\/strong><\/h5>\n<p>Para aprovechar las oportunidades que ofrece el desarrollo digital es necesario contar con tecnolog\u00eda y acceso masivo a Internet, pero tambi\u00e9n con capital humano preparado para rentabilizar ese equipamiento y organizaciones digitales, tanto en el \u00e1mbito privado como p\u00fablico. Espa\u00f1a ocupa buenas posiciones en cuanto a tecnolog\u00eda disponible, pero tiene que impulsar la formaci\u00f3n y abordar la transformaci\u00f3n digital de empresas y administraciones. Solo la mitad de los trabajadores tiene competencias digitales avanzadas y muchas organizaciones carecen de estrategias digitales. Es fundamental que la sociedad espa\u00f1ola asuma la enorme relevancia del fen\u00f3meno de la digitalizaci\u00f3n y aborde los retos que plantea en el mercado de trabajo y para la competitividad de las empresas. El Plan de Recuperaci\u00f3n de la UE para combatir las consecuencias econ\u00f3micas del coronavirus destinar\u00e1 buena parte de sus fondos a proyectos que fomenten la transformaci\u00f3n digital, lo que obliga a Espa\u00f1a a asumir un desaf\u00edo que requiere la implicaci\u00f3n de empresarios, trabajadores, gestores p\u00fablicos, educadores, estudiantes y familias.<\/p>\n<p><strong><img decoding=\"async\" class=\"alignnone\" src=\"https:\/\/www.ivie.es\/wp-content\/uploads\/2017\/03\/notaprensa_icon-09.png\" alt=\"\" width=\"37\" height=\"37\" \/>\u00a0\u00a0<a href=\"https:\/\/www.ivie.es\/wp-content\/uploads\/2020\/11\/NP_transformaciondigitalCES_24112020.pdf\" target=\"_blank\" rel=\"noopener noreferrer\">Nota de prensa<\/a><\/strong><\/p>\n<p><strong><img decoding=\"async\" src=\"https:\/\/www.ivie.es\/wp-content\/uploads\/2017\/05\/web2016_iconos_video.png\" alt=\"\" \/>\u00a0\u00a0<a href=\"https:\/\/www.youtube.com\/watch?v=GjIA2Z2jY54&amp;feature=youtu.be\" target=\"_blank\" rel=\"noopener noreferrer\">V\u00eddeo de la presentaci\u00f3n<\/a><\/strong><\/p>\n<p><strong><img decoding=\"async\" src=\"https:\/\/www.ivie.es\/wp-content\/uploads\/2017\/03\/presentacion_icon-12.png\" alt=\"\" \/>\u00a0\u00a0<a href=\"https:\/\/www.slideshare.net\/Iviesa\/presentacin-informe-transformacin-digital-para-el-ces-francisco-prez-239437960\" target=\"_blank\" rel=\"noopener noreferrer\">Presentaci\u00f3n Francisco P\u00e9rez<\/a><\/strong><\/p>\n<p><strong><img decoding=\"async\" src=\"https:\/\/www.ivie.es\/wp-content\/uploads\/2017\/03\/presentacion_icon-12.png\" alt=\"\" \/>\u00a0\u00a0<a href=\"https:\/\/www.slideshare.net\/Iviesa\/presentacin-informe-transformacin-digital-para-el-ces-jos-mara-peir-239438038\" target=\"_blank\" rel=\"noopener noreferrer\">Presentaci\u00f3n de Jos\u00e9 Mar\u00eda Peri\u00f3<\/a><\/strong><\/p>\n<p><strong><img decoding=\"async\" src=\"https:\/\/www.ivie.es\/wp-content\/uploads\/2017\/03\/informe_icon-10.png\" alt=\"\" \/>\u00a0\u00a0<a href=\"http:\/\/www.ces.es\/documents\/10180\/5228908\/2020_Resumen_ejecutivo-Cambios_tecnologicos.pdf\/d6beec75-2bd6-ebcb-a764-f8c2044a5903\" target=\"_blank\" rel=\"noopener noreferrer\">Resumen ejecutivo<\/a><\/strong><\/p>\n<\/div>\n","protected":false},"excerpt":{"rendered":"<p>El CES presenta su XXI Premio de Investigaci\u00f3n, un estudio  [&#8230;]<\/p>\n","protected":false},"author":1,"featured_media":86,"comment_status":"closed","ping_status":"open","sticky":false,"template":"","format":"standard","meta":{"footnotes":""},"categories":[6],"tags":[],"class_list":["post-85","post","type-post","status-publish","format-standard","has-post-thumbnail","hentry","category-noticias"],"_links":{"self":[{"href":"https:\/\/www.academiapsicologia.com\/index.php\/wp-json\/wp\/v2\/posts\/85","targetHints":{"allow":["GET"]}}],"collection":[{"href":"https:\/\/www.academiapsicologia.com\/index.php\/wp-json\/wp\/v2\/posts"}],"about":[{"href":"https:\/\/www.academiapsicologia.com\/index.php\/wp-json\/wp\/v2\/types\/post"}],"author":[{"embeddable":true,"href":"https:\/\/www.academiapsicologia.com\/index.php\/wp-json\/wp\/v2\/users\/1"}],"replies":[{"embeddable":true,"href":"https:\/\/www.academiapsicologia.com\/index.php\/wp-json\/wp\/v2\/comments?post=85"}],"version-history":[{"count":3,"href":"https:\/\/www.academiapsicologia.com\/index.php\/wp-json\/wp\/v2\/posts\/85\/revisions"}],"predecessor-version":[{"id":89,"href":"https:\/\/www.academiapsicologia.com\/index.php\/wp-json\/wp\/v2\/posts\/85\/revisions\/89"}],"wp:featuredmedia":[{"embeddable":true,"href":"https:\/\/www.academiapsicologia.com\/index.php\/wp-json\/wp\/v2\/media\/86"}],"wp:attachment":[{"href":"https:\/\/www.academiapsicologia.com\/index.php\/wp-json\/wp\/v2\/media?parent=85"}],"wp:term":[{"taxonomy":"category","embeddable":true,"href":"https:\/\/www.academiapsicologia.com\/index.php\/wp-json\/wp\/v2\/categories?post=85"},{"taxonomy":"post_tag","embeddable":true,"href":"https:\/\/www.academiapsicologia.com\/index.php\/wp-json\/wp\/v2\/tags?post=85"}],"curies":[{"name":"wp","href":"https:\/\/api.w.org\/{rel}","templated":true}]}}